{"id":4122,"date":"2025-06-25T12:39:07","date_gmt":"2025-06-25T12:39:07","guid":{"rendered":"https:\/\/terradepresencia.org\/convivencia-con-la-madre-tierra-en-julio\/"},"modified":"2025-06-25T12:54:10","modified_gmt":"2025-06-25T12:54:10","slug":"convivencia-con-la-madre-tierra-en-julio","status":"publish","type":"post","link":"https:\/\/terradepresencia.org\/es\/convivencia-con-la-madre-tierra-en-julio\/","title":{"rendered":"\u00a1Convivencia con la Madre Tierra en julio!"},"content":{"rendered":"\n<p>Querida sangha,<\/p>\n\n<p>A finales de julio compartiremos un encuentro en Vilas, abierto a toda la Sangha. El objetivo de esta reuni\u00f3n es disponer de un tiempo m\u00e1s largo e \u00edntimo para practicar juntos y juntas, crear comunidad y experimentar una mayor conexi\u00f3n con la Madre Tierra.  <\/p>\n\n<p><strong>Cu\u00e1ndo<\/strong><\/p>\n\n<p>Entrada el viernes 25 de julio de 2025 a las 16.00 h. Salida el domingo 27 de julio de 2025 a las 15.00 h. Si tienes alg\u00fan problema con el horario, o no puedes venir todos los d\u00edas, ponte en contacto con nosotros\/as para que podamos valorar la situaci\u00f3n.  <\/p>\n\n<p><strong>En d\u00f3nde<\/strong><\/p>\n\n<p>En Vilas, Gondomar, en nuestro lugar habitual de pr\u00e1ctica. <\/p>\n\n<p><strong>Alojamiento<\/strong><\/p>\n\n<p>Ofrecemos la posibilidad de acampar en la finca o pernoctar fuera (coste y gesti\u00f3n por parte de los interesados). No hay electricidad en la finca, y s\u00f3lo tenemos duchas con agua fr\u00eda y ba\u00f1os secos. \u00a1Esto forma parte de la experiencia de conectar con la naturaleza!   \ud83d\ude42<\/p>\n\n<p><strong>Alimentaci\u00f3n<\/strong><\/p>\n\n<p>Todas las comidas del d\u00eda se ofrecer\u00e1n en el espacio y est\u00e1n incluida en el coste. La comida es ecol\u00f3gica, vegana y, en la medida de lo posible, local. <\/p>\n\n<p><strong>Coste<\/strong><\/p>\n\n<p>El coste para cubrir los gastos de la convivencia es de 60 euros por persona. Adem\u00e1s, dejaremos disponible la caja de Dana para quien quiera hacer otra aportaci\u00f3n econ\u00f3mica a la sangha. <\/p>\n\n<p><strong>Reserva<\/strong><\/p>\n\n<p>Como ocurre con todas las actividades de la sangha, las plazas son limitadas. As\u00ed que si quieres participar, ponte en contacto con nosotros lo antes posible por correo electr\u00f3nico<a href=\"mailto:sangha@terradepresencia.org\" target=\"_blank\" rel=\"noopener\" title=\"\">(sangha@terradepresencia.org)<\/a> o por tel\u00e9fono (+34 677 718 791) para reservar tu plaza. <\/p>\n\n<p>\u00a1Con gran alegr\u00eda de practicar en comunidad!<\/p>\n\n<p>Abrazos.<\/p>\n","protected":false},"excerpt":{"rendered":"<p>Querida sangha, A finales de julio compartiremos un encuentro en Vilas, abierto a toda la Sangha. El objetivo de esta reuni\u00f3n es disponer de un tiempo m\u00e1s largo e \u00edntimo para practicar juntos y juntas, crear comunidad y experimentar una mayor conexi\u00f3n con la Madre Tierra. Cu\u00e1ndo Entrada el viernes 25 de julio de 2025 [&hellip;]<\/p>\n","protected":false},"author":1,"featured_media":4119,"comment_status":"open","ping_status":"open","sticky":false,"template":"","format":"standard","meta":{"_monsterinsights_skip_tracking":false,"_monsterinsights_sitenote_active":false,"_monsterinsights_sitenote_note":"","_monsterinsights_sitenote_category":0,"_jetpack_memberships_contains_paid_content":false,"footnotes":""},"categories":[1209],"tags":[1366,1365],"class_list":["post-4122","post","type-post","status-publish","format-standard","has-post-thumbnail","hentry","category-comunicados-es","tag-convivencia","tag-madre-tierra-es-2"],"aioseo_notices":[],"jetpack_featured_media_url":"https:\/\/terradepresencia.org\/wp-content\/uploads\/2025\/06\/Copia-de-mc_alalba.jpg","jetpack_sharing_enabled":true,"_links":{"self":[{"href":"https:\/\/terradepresencia.org\/es\/wp-json\/wp\/v2\/posts\/4122","targetHints":{"allow":["GET"]}}],"collection":[{"href":"https:\/\/terradepresencia.org\/es\/wp-json\/wp\/v2\/posts"}],"about":[{"href":"https:\/\/terradepresencia.org\/es\/wp-json\/wp\/v2\/types\/post"}],"author":[{"embeddable":true,"href":"https:\/\/terradepresencia.org\/es\/wp-json\/wp\/v2\/users\/1"}],"replies":[{"embeddable":true,"href":"https:\/\/terradepresencia.org\/es\/wp-json\/wp\/v2\/comments?post=4122"}],"version-history":[{"count":1,"href":"https:\/\/terradepresencia.org\/es\/wp-json\/wp\/v2\/posts\/4122\/revisions"}],"predecessor-version":[{"id":4123,"href":"https:\/\/terradepresencia.org\/es\/wp-json\/wp\/v2\/posts\/4122\/revisions\/4123"}],"wp:featuredmedia":[{"embeddable":true,"href":"https:\/\/terradepresencia.org\/es\/wp-json\/wp\/v2\/media\/4119"}],"wp:attachment":[{"href":"https:\/\/terradepresencia.org\/es\/wp-json\/wp\/v2\/media?parent=4122"}],"wp:term":[{"taxonomy":"category","embeddable":true,"href":"https:\/\/terradepresencia.org\/es\/wp-json\/wp\/v2\/categories?post=4122"},{"taxonomy":"post_tag","embeddable":true,"href":"https:\/\/terradepresencia.org\/es\/wp-json\/wp\/v2\/tags?post=4122"}],"curies":[{"name":"wp","href":"https:\/\/api.w.org\/{rel}","templated":true}]}}