{"id":4089,"date":"2020-08-01T19:51:00","date_gmt":"2020-08-01T19:51:00","guid":{"rendered":"https:\/\/terradepresencia.org\/cinco-recordatorios\/"},"modified":"2025-02-03T10:20:14","modified_gmt":"2025-02-03T10:20:14","slug":"cinco-recordatorios","status":"publish","type":"post","link":"https:\/\/terradepresencia.org\/es\/cinco-recordatorios\/","title":{"rendered":"Cinco Recordatorios"},"content":{"rendered":"\n<p>Est\u00e1 en mi naturaleza envejecer. No puedo escapar del envejecimiento. <\/p>\n\n<p>Est\u00e1 en mi naturaleza enfermar. No puedo escapar de la enfermedad. <\/p>\n\n<p>Est\u00e1 en mi naturaleza morir. No puedo escapar de la muerte. <\/p>\n\n<p>Todo lo que aprecio y todos los seres que amo est\u00e1n sujetos a la naturaleza del cambio. No puedo evitar tener que separarme de ellos. <\/p>\n\n<p>Mis acciones son mi \u00fanica pertenencia. No puedo escapar a las consecuencias de mis acciones. Mis acciones son los cimientos sobre los que me mantengo.  <\/p>\n","protected":false},"excerpt":{"rendered":"<p>Est\u00e1 en mi naturaleza envejecer. No puedo escapar del envejecimiento. Est\u00e1 en mi naturaleza enfermar. No puedo escapar de la enfermedad. Est\u00e1 en mi naturaleza morir. No puedo escapar de la muerte. Todo lo que aprecio y todos los seres que amo est\u00e1n sujetos a la naturaleza del cambio. No puedo evitar tener que separarme [&hellip;]<\/p>\n","protected":false},"author":1,"featured_media":3445,"comment_status":"open","ping_status":"open","sticky":false,"template":"","format":"standard","meta":{"_monsterinsights_skip_tracking":false,"_monsterinsights_sitenote_active":false,"_monsterinsights_sitenote_note":"","_monsterinsights_sitenote_category":0,"_jetpack_memberships_contains_paid_content":false,"footnotes":""},"categories":[1308],"tags":[1353,1349,1351,1352,1350,1316],"class_list":["post-4089","post","type-post","status-publish","format-standard","has-post-thumbnail","hentry","category-practicas","tag-cinco-recordatorios-es-2","tag-cinco-recordatorios-es","tag-enfermedad","tag-envejecimiento","tag-muerte","tag-practicas-es"],"aioseo_notices":[],"jetpack_featured_media_url":"https:\/\/terradepresencia.org\/wp-content\/uploads\/2020\/08\/theravada-buddhism-1775946_1280.jpg","jetpack_sharing_enabled":true,"_links":{"self":[{"href":"https:\/\/terradepresencia.org\/es\/wp-json\/wp\/v2\/posts\/4089","targetHints":{"allow":["GET"]}}],"collection":[{"href":"https:\/\/terradepresencia.org\/es\/wp-json\/wp\/v2\/posts"}],"about":[{"href":"https:\/\/terradepresencia.org\/es\/wp-json\/wp\/v2\/types\/post"}],"author":[{"embeddable":true,"href":"https:\/\/terradepresencia.org\/es\/wp-json\/wp\/v2\/users\/1"}],"replies":[{"embeddable":true,"href":"https:\/\/terradepresencia.org\/es\/wp-json\/wp\/v2\/comments?post=4089"}],"version-history":[{"count":1,"href":"https:\/\/terradepresencia.org\/es\/wp-json\/wp\/v2\/posts\/4089\/revisions"}],"predecessor-version":[{"id":4090,"href":"https:\/\/terradepresencia.org\/es\/wp-json\/wp\/v2\/posts\/4089\/revisions\/4090"}],"wp:featuredmedia":[{"embeddable":true,"href":"https:\/\/terradepresencia.org\/es\/wp-json\/wp\/v2\/media\/3445"}],"wp:attachment":[{"href":"https:\/\/terradepresencia.org\/es\/wp-json\/wp\/v2\/media?parent=4089"}],"wp:term":[{"taxonomy":"category","embeddable":true,"href":"https:\/\/terradepresencia.org\/es\/wp-json\/wp\/v2\/categories?post=4089"},{"taxonomy":"post_tag","embeddable":true,"href":"https:\/\/terradepresencia.org\/es\/wp-json\/wp\/v2\/tags?post=4089"}],"curies":[{"name":"wp","href":"https:\/\/api.w.org\/{rel}","templated":true}]}}