{"id":4064,"date":"2024-12-01T09:22:30","date_gmt":"2024-12-01T09:22:30","guid":{"rendered":"https:\/\/terradepresencia.org\/comida-de-navidad-28-de-diciembre\/"},"modified":"2024-12-01T09:29:58","modified_gmt":"2024-12-01T09:29:58","slug":"comida-de-navidad-28-de-diciembre","status":"publish","type":"post","link":"https:\/\/terradepresencia.org\/es\/comida-de-navidad-28-de-diciembre\/","title":{"rendered":"Comida de Navidad, 28 de diciembre"},"content":{"rendered":"\n<p>Queridos hermanos y hermanas,<\/p>\n\n<p>\u00a1Ya tenemos fecha para nuestra comida de Navidad de este a\u00f1o! Esta vez ser\u00e1 el s\u00e1bado 28 de diciembre en Vilas (Gondomar).<\/p>\n\n<p>Como en a\u00f1os anteriores, este encuentro es una oportunidad para reunirse y juntar todos los brazos de la sangha, compartir comida, un paseo, una charla, abrazos y sonrisas&#8230; \u00a1y la maravilla de estar vivos y vivas!<\/p>\n\n<p>Como todas las actividades, y \u00e9sta en particular, est\u00e1 abierta a cualquier persona interesada en la sangha, sean participantes o no, miembros de la familia, amigos y familiares.<\/p>\n\n<p>Celebraremos la comida en la finca de la caba\u00f1a, si el tiempo lo permite, y si no, en la escuela de Vilas. La hora del encuentro ser\u00e1 a las 13:00. Como siempre, pedimos que colabor\u00e9is avis\u00e1ndonos con tiempo para que podamos organizarnos bien.<\/p>\n\n<p>Dejamos aqu\u00ed algunas notas:<\/p>\n\n<ul class=\"wp-block-list\">\n<li>la actividad, como siempre, es gratuita y abierta a todas las personas, de cualquier edad, sean o no miembros de la sangha<\/li>\n\n\n\n<li>es necesario confirmar previamente por tel\u00e9fono (677 718 791)<\/li>\n\n\n\n<li>cada persona traer\u00e1 algo de comer, vegetariano o vegano, junto con todo lo necesario para comer: plato, vaso, cubiertos&#8230;<\/li>\n\n\n\n<li>quiz\u00e1s podr\u00edas traer un zafu o algo para estar m\u00e1s c\u00f3modo durante la comida.<\/li>\n<\/ul>\n\n<p>\u00a1Con muchas ganas de vernos!<\/p>\n","protected":false},"excerpt":{"rendered":"<p>Queridos hermanos y hermanas, \u00a1Ya tenemos fecha para nuestra comida de Navidad de este a\u00f1o! Esta vez ser\u00e1 el s\u00e1bado 28 de diciembre en Vilas (Gondomar). Como en a\u00f1os anteriores, este encuentro es una oportunidad para reunirse y juntar todos los brazos de la sangha, compartir comida, un paseo, una charla, abrazos y sonrisas&#8230; \u00a1y [&hellip;]<\/p>\n","protected":false},"author":1,"featured_media":4062,"comment_status":"open","ping_status":"open","sticky":false,"template":"","format":"standard","meta":{"_monsterinsights_skip_tracking":false,"_monsterinsights_sitenote_active":false,"_monsterinsights_sitenote_note":"","_monsterinsights_sitenote_category":0,"_jetpack_memberships_contains_paid_content":false,"footnotes":""},"categories":[1209],"tags":[1319],"class_list":["post-4064","post","type-post","status-publish","format-standard","has-post-thumbnail","hentry","category-comunicados-es","tag-navidad-es"],"aioseo_notices":[],"jetpack_featured_media_url":"https:\/\/terradepresencia.org\/wp-content\/uploads\/2024\/12\/NATAL-2024.jpg","jetpack_sharing_enabled":true,"_links":{"self":[{"href":"https:\/\/terradepresencia.org\/es\/wp-json\/wp\/v2\/posts\/4064","targetHints":{"allow":["GET"]}}],"collection":[{"href":"https:\/\/terradepresencia.org\/es\/wp-json\/wp\/v2\/posts"}],"about":[{"href":"https:\/\/terradepresencia.org\/es\/wp-json\/wp\/v2\/types\/post"}],"author":[{"embeddable":true,"href":"https:\/\/terradepresencia.org\/es\/wp-json\/wp\/v2\/users\/1"}],"replies":[{"embeddable":true,"href":"https:\/\/terradepresencia.org\/es\/wp-json\/wp\/v2\/comments?post=4064"}],"version-history":[{"count":1,"href":"https:\/\/terradepresencia.org\/es\/wp-json\/wp\/v2\/posts\/4064\/revisions"}],"predecessor-version":[{"id":4065,"href":"https:\/\/terradepresencia.org\/es\/wp-json\/wp\/v2\/posts\/4064\/revisions\/4065"}],"wp:featuredmedia":[{"embeddable":true,"href":"https:\/\/terradepresencia.org\/es\/wp-json\/wp\/v2\/media\/4062"}],"wp:attachment":[{"href":"https:\/\/terradepresencia.org\/es\/wp-json\/wp\/v2\/media?parent=4064"}],"wp:term":[{"taxonomy":"category","embeddable":true,"href":"https:\/\/terradepresencia.org\/es\/wp-json\/wp\/v2\/categories?post=4064"},{"taxonomy":"post_tag","embeddable":true,"href":"https:\/\/terradepresencia.org\/es\/wp-json\/wp\/v2\/tags?post=4064"}],"curies":[{"name":"wp","href":"https:\/\/api.w.org\/{rel}","templated":true}]}}