{"id":4010,"date":"2024-05-29T10:49:07","date_gmt":"2024-05-29T10:49:07","guid":{"rendered":"https:\/\/terradepresencia.org\/?p=4010"},"modified":"2024-05-29T10:49:10","modified_gmt":"2024-05-29T10:49:10","slug":"camino-de-santiago-con-los-monasticos","status":"publish","type":"post","link":"https:\/\/terradepresencia.org\/es\/camino-de-santiago-con-los-monasticos\/","title":{"rendered":"Camino de Santiago con los mon\u00e1sticos"},"content":{"rendered":"\n<p>Queridos hermanos, queridas hermanas,<\/p>\n\n\n\n<p>Con gran alegr\u00eda queremos anunciaros que la Sangha Terra de Presen\u00e7a de Galicia (con el apoyo de la CBI), la Sangha Rio de Compaix\u00e3o de Oporto y tres mon\u00e1sticos de Plum Village hemos organizado una peregrinaci\u00f3n muy especial. Realizaremos el Camino de Santiago, el portugu\u00e9s de la costa, desde Oporto a Santiago entre los d\u00edas 15 de septiembre y 29 del mismo mes. Ser\u00e1n 14 d\u00edas en los que caminar en plena consciencia, como una Sangha, para practicar juntos y juntas la atenci\u00f3n plena y compartir la energ\u00eda del camino con las y los peregrinos.\u00a0<\/p>\n\n\n\n<p>Comenzaremos el domingo 15 de septiembre con un d\u00eda de plena consciencia, junto a la Sangha Rio de Compaix\u00e3o, en Oporto. Ser\u00e1 un d\u00eda de pr\u00e1ctica abierto para\u00a0 compartir con los y las hermanas de la Sangha portuguesa. Despu\u00e9s, estaremos caminando durante la primera semana, hasta llegar a Baiona (Pontevedra), en donde disfrutaremos de un d\u00eda de descanso. El domingo 22 de septiembre participaremos en otro d\u00eda de plena consciencia, en esta ocasi\u00f3n en el espacio de la Sangha Terra de Presen\u00e7a. Esta jornada ser\u00e1 igualmente abierta, para compartir con los y las hermanas de la Sangha gallega. Al d\u00eda siguiente continuaremos nuestro camino hasta Santiago, a donde llegaremos el s\u00e1bado 28 de septiembre. All\u00ed, pasaremos la \u00faltima noche, para celebrar el hecho de haber caminado juntos y juntas, y despedirnos en la ma\u00f1ana del d\u00eda 29 de septiembre.<\/p>\n\n\n\n<p>Las personas que quer\u00e1is uniros a esta peregrinaci\u00f3n, junto con los mon\u00e1sticos de Plum Village, ten\u00e9is dos posibilidades de inscripci\u00f3n:<\/p>\n\n\n\n<ul class=\"wp-block-list\">\n<li>Participar \u00edntegramente en todo el Camino de Santiago, desde el d\u00eda 15 de septiembre al 29 de septiembre (590\u202f\u20ac)<\/li>\n\n\n\n<li>Participar solo una de las semanas (295\u202f\u20ac)<\/li>\n\n\n\n<li>Primera semana, del d\u00eda 15 de septiembre al 21 de septiembre<\/li>\n\n\n\n<li>Segunda semana, del d\u00eda 21 de septiembre al 29 de septiembre<\/li>\n<\/ul>\n\n\n\n<p>Consideramos importante mantener la energ\u00eda del grupo durante el camino, por ello, hemos decido que las personas que se inscriban en la primera modalidad (los 14 d\u00edas completos) tengan preferencia en la inscripci\u00f3n durante los primeros d\u00edas. Una vez transcurrido ese tiempo, cubriremos las plazas libres con el resto de inscripciones.<\/p>\n\n\n\n<p>Si dese\u00e1is uniros a nosotras\/os en esta experiencia, pod\u00e9is hacerlo a trav\u00e9s del siguiente formulario:<\/p>\n\n\n\n<p><a href=\"https:\/\/forms.gle\/GWzBHwyQhYTNCp9b8\" target=\"_blank\" rel=\"noreferrer noopener\">Inscripci\u00f3n Camino de Santiago<\/a><\/p>\n\n\n\n<p>Si quer\u00e9is m\u00e1s informaci\u00f3n pod\u00e9is visitar la web:<\/p>\n\n\n\n<p><a href=\"https:\/\/carlapaxebem.wixsite.com\/caminhodesantiago\">https:\/\/carlapaxebem.wixsite.com\/caminhodesantiago<\/a><\/p>\n\n\n\n<p>O escribirnos al correo:<\/p>\n\n\n\n<p><a href=\"mailto:info.buencamino.plumvillage@gmail.com\" target=\"_blank\" rel=\"noreferrer noopener\">info.buencamino.plumvillage@gmail.com<\/a><\/p>\n\n\n\n<p>\u00a1Ultreia! \u00a1Buen camino!<\/p>\n","protected":false},"excerpt":{"rendered":"<p>Queridos hermanos, queridas hermanas, Con gran alegr\u00eda queremos anunciaros que la Sangha Terra de Presen\u00e7a de Galicia (con el apoyo de la CBI), la Sangha Rio de Compaix\u00e3o de Oporto y tres mon\u00e1sticos de Plum Village hemos organizado una peregrinaci\u00f3n muy especial. Realizaremos el Camino de Santiago, el portugu\u00e9s de la costa, desde Oporto a [&hellip;]<\/p>\n","protected":false},"author":1,"featured_media":4012,"comment_status":"open","ping_status":"open","sticky":false,"template":"","format":"standard","meta":{"_monsterinsights_skip_tracking":false,"_monsterinsights_sitenote_active":false,"_monsterinsights_sitenote_note":"","_monsterinsights_sitenote_category":0,"_jetpack_memberships_contains_paid_content":false,"footnotes":""},"categories":[1209],"tags":[1334,1335,1223],"class_list":["post-4010","post","type-post","status-publish","format-standard","has-post-thumbnail","hentry","category-comunicados-es","tag-monasticos-2","tag-peregrinacion","tag-retiro-es"],"aioseo_notices":[],"jetpack_featured_media_url":"https:\/\/terradepresencia.org\/wp-content\/uploads\/2024\/05\/caminhosantiago.jpg","jetpack_sharing_enabled":true,"_links":{"self":[{"href":"https:\/\/terradepresencia.org\/es\/wp-json\/wp\/v2\/posts\/4010","targetHints":{"allow":["GET"]}}],"collection":[{"href":"https:\/\/terradepresencia.org\/es\/wp-json\/wp\/v2\/posts"}],"about":[{"href":"https:\/\/terradepresencia.org\/es\/wp-json\/wp\/v2\/types\/post"}],"author":[{"embeddable":true,"href":"https:\/\/terradepresencia.org\/es\/wp-json\/wp\/v2\/users\/1"}],"replies":[{"embeddable":true,"href":"https:\/\/terradepresencia.org\/es\/wp-json\/wp\/v2\/comments?post=4010"}],"version-history":[{"count":1,"href":"https:\/\/terradepresencia.org\/es\/wp-json\/wp\/v2\/posts\/4010\/revisions"}],"predecessor-version":[{"id":4011,"href":"https:\/\/terradepresencia.org\/es\/wp-json\/wp\/v2\/posts\/4010\/revisions\/4011"}],"wp:featuredmedia":[{"embeddable":true,"href":"https:\/\/terradepresencia.org\/es\/wp-json\/wp\/v2\/media\/4012"}],"wp:attachment":[{"href":"https:\/\/terradepresencia.org\/es\/wp-json\/wp\/v2\/media?parent=4010"}],"wp:term":[{"taxonomy":"category","embeddable":true,"href":"https:\/\/terradepresencia.org\/es\/wp-json\/wp\/v2\/categories?post=4010"},{"taxonomy":"post_tag","embeddable":true,"href":"https:\/\/terradepresencia.org\/es\/wp-json\/wp\/v2\/tags?post=4010"}],"curies":[{"name":"wp","href":"https:\/\/api.w.org\/{rel}","templated":true}]}}