{"id":4004,"date":"2024-05-16T09:00:45","date_gmt":"2024-05-16T09:00:45","guid":{"rendered":"https:\/\/terradepresencia.org\/retiro-en-vilas-julio-de-2024\/"},"modified":"2024-05-16T09:04:55","modified_gmt":"2024-05-16T09:04:55","slug":"retiro-en-vilas-julio-de-2024","status":"publish","type":"post","link":"https:\/\/terradepresencia.org\/es\/retiro-en-vilas-julio-de-2024\/","title":{"rendered":"Retiro en Vilas, julio de 2024"},"content":{"rendered":"\n<p>Querida sangha,<\/p>\n\n<p>Desde hace varios meses, junto con el grupo Madre Tierra (el equipo de trabajo de la Comunidad Budista Interser), organizamos un retiro en Vilas, en el jard\u00edn donde solemos practicar con la sangha. Hoy os traemos con mucha alegr\u00eda toda la informaci\u00f3n sobre este encuentro para que los que est\u00e9is interesados pod\u00e1is apuntaros cuanto antes, ya que este retiro ser\u00e1 para un m\u00e1ximo de 20 personas. <\/p>\n\n<p>Compartimos este encuentro con la alegr\u00eda de poder reunirnos, de compartir nuestra hermosa pr\u00e1ctica en comunidad y de generar este espacio para amar a la Madre Tierra y a la Vida. Adem\u00e1s, nos sentimos inmensamente agradecidos por tener la oportunidad de celebrar en Vilas una Ceremonia de Transmisi\u00f3n de los <a href=\"https:\/\/terradepresencia.org\/es\/cinco-entrenamientos\/\">Cinco Entrenamientos de la Plena Consciencia<\/a>, algo verdaderamente especial y muy valioso para nuestra sangha.  <\/p>\n\n<p><a href=\"https:\/\/madretierrainterser.org\/retiro-madre-tierra-2024-en-gondomar-galicia\/\">Aqu\u00ed tienes toda la informaci\u00f3n<\/a>, y si hay algo en lo que podamos ayudarte, \u00a1aqu\u00ed estamos!<\/p>\n\n<p>Esperamos tu paz.<\/p>\n\n<p>Abrazos.<\/p>\n","protected":false},"excerpt":{"rendered":"<p>Querida sangha, Desde hace varios meses, junto con el grupo Madre Tierra (el equipo de trabajo de la Comunidad Budista Interser), organizamos un retiro en Vilas, en el jard\u00edn donde solemos practicar con la sangha. Hoy os traemos con mucha alegr\u00eda toda la informaci\u00f3n sobre este encuentro para que los que est\u00e9is interesados pod\u00e1is apuntaros [&hellip;]<\/p>\n","protected":false},"author":1,"featured_media":4002,"comment_status":"open","ping_status":"open","sticky":false,"template":"","format":"standard","meta":{"_monsterinsights_skip_tracking":false,"_monsterinsights_sitenote_active":false,"_monsterinsights_sitenote_note":"","_monsterinsights_sitenote_category":0,"_jetpack_memberships_contains_paid_content":false,"footnotes":""},"categories":[1209],"tags":[1223,1331,1332],"class_list":["post-4004","post","type-post","status-publish","format-standard","has-post-thumbnail","hentry","category-comunicados-es","tag-retiro-es","tag-reunion-es","tag-transmision-es"],"aioseo_notices":[],"jetpack_featured_media_url":"https:\/\/terradepresencia.org\/wp-content\/uploads\/2024\/05\/Retiro-Madre-Tierra.jpg","jetpack_sharing_enabled":true,"_links":{"self":[{"href":"https:\/\/terradepresencia.org\/es\/wp-json\/wp\/v2\/posts\/4004","targetHints":{"allow":["GET"]}}],"collection":[{"href":"https:\/\/terradepresencia.org\/es\/wp-json\/wp\/v2\/posts"}],"about":[{"href":"https:\/\/terradepresencia.org\/es\/wp-json\/wp\/v2\/types\/post"}],"author":[{"embeddable":true,"href":"https:\/\/terradepresencia.org\/es\/wp-json\/wp\/v2\/users\/1"}],"replies":[{"embeddable":true,"href":"https:\/\/terradepresencia.org\/es\/wp-json\/wp\/v2\/comments?post=4004"}],"version-history":[{"count":4,"href":"https:\/\/terradepresencia.org\/es\/wp-json\/wp\/v2\/posts\/4004\/revisions"}],"predecessor-version":[{"id":4008,"href":"https:\/\/terradepresencia.org\/es\/wp-json\/wp\/v2\/posts\/4004\/revisions\/4008"}],"wp:featuredmedia":[{"embeddable":true,"href":"https:\/\/terradepresencia.org\/es\/wp-json\/wp\/v2\/media\/4002"}],"wp:attachment":[{"href":"https:\/\/terradepresencia.org\/es\/wp-json\/wp\/v2\/media?parent=4004"}],"wp:term":[{"taxonomy":"category","embeddable":true,"href":"https:\/\/terradepresencia.org\/es\/wp-json\/wp\/v2\/categories?post=4004"},{"taxonomy":"post_tag","embeddable":true,"href":"https:\/\/terradepresencia.org\/es\/wp-json\/wp\/v2\/tags?post=4004"}],"curies":[{"name":"wp","href":"https:\/\/api.w.org\/{rel}","templated":true}]}}