{"id":3619,"date":"2023-06-07T16:11:46","date_gmt":"2023-06-07T16:11:46","guid":{"rendered":"https:\/\/terradepresencia.org\/iii-festival-de-la-continuidad\/"},"modified":"2023-06-11T08:29:02","modified_gmt":"2023-06-11T08:29:02","slug":"iii-festival-de-la-continuidad","status":"publish","type":"post","link":"https:\/\/terradepresencia.org\/es\/iii-festival-de-la-continuidad\/","title":{"rendered":"III Festival de la Continuidad"},"content":{"rendered":"\n<p>Queridos hermanos y hermanas,<\/p>\n\n<p>Este \u00faltimo a\u00f1o hemos disfrutado de un periodo de fortaleza y estabilidad para la sangha. Sentimos una gran alegr\u00eda y gratitud por todos los momentos compartidos y por las personas que hab\u00e9is formado parte. Gracias por nutrir nuestra familia.<\/p>\n\n<p>Queremos celebrar la vida y, con ella, este camino que estamos creando como comunidad de pr\u00e1ctica. Por eso os invitamos al<strong> III Festival de la Continuidad<\/strong>, el <strong>s\u00e1bado <\/strong> <strong>24 de junio, en Vilas<\/strong> (Gondomar). <\/p>\n\n<p>Como en a\u00f1os anteriores, este encuentro est\u00e1 <strong>abierto a todas las personas<\/strong> relacionadas con la sangha (incluidos familiares y amigos), de cualquier edad (\u00a1ni\u00f1os y ni\u00f1as son bienvenidos!). En este d\u00eda <strong>compartiremos juntos la alegr\u00eda de vivir<\/strong>, de forma sencilla, pac\u00edfica y saludable, con los valores de nuestra pr\u00e1ctica. Es una oportunidad para fortalecer nuestra hermandad rodeados de la belleza de la Madre Tierra. Si tiene alguna pregunta sobre el esp\u00edritu de este d\u00eda, \u00a1no dudes en consultarnos!<\/p>\n\n<p>Os recordamos que, para organizar la jornada de la mejor manera posible, es<strong> necesario reservar <\/strong>con antelaci\u00f3n por tel\u00e9fono (677 718 791) o correo electr\u00f3nico (sangha@terradepresencia.org) <strong><span style=\"text-decoration: underline;\">antes <\/span>del 22 de junio<\/strong>.<\/p>\n\n<p>El programa para este d\u00eda ser\u00e1 el siguiente:<\/p>\n\n<figure class=\"wp-block-image aligncenter size-large is-resized\"><img fetchpriority=\"high\" decoding=\"async\" src=\"https:\/\/terradepresencia.org\/wp-content\/uploads\/2023\/06\/III-Festival-da-Continuidade-1-1024x663.jpg\" alt=\"\" class=\"wp-image-3614\" width=\"512\" height=\"332\" srcset=\"https:\/\/terradepresencia.org\/wp-content\/uploads\/2023\/06\/III-Festival-da-Continuidade-1-1024x663.jpg 1024w, https:\/\/terradepresencia.org\/wp-content\/uploads\/2023\/06\/III-Festival-da-Continuidade-1-300x194.jpg 300w, https:\/\/terradepresencia.org\/wp-content\/uploads\/2023\/06\/III-Festival-da-Continuidade-1-768x497.jpg 768w, https:\/\/terradepresencia.org\/wp-content\/uploads\/2023\/06\/III-Festival-da-Continuidade-1-1536x994.jpg 1536w, https:\/\/terradepresencia.org\/wp-content\/uploads\/2023\/06\/III-Festival-da-Continuidade-1.jpg 2000w\" sizes=\"(max-width: 512px) 100vw, 512px\" \/><\/figure>\n\n<ul class=\"wp-block-list\">\n<li>a partir de <span style=\"text-decoration: underline;\"><strong>las 12:00 h Trueque de Dones<\/strong>:<\/span> te invitamos a traer lo que ya no utilices para ofrecerlo gratuitamente a quien lo necesite (ropa, libros, loza&#8230;). La idea no es un intercambio en s\u00ed, sino simplemente ofrecer lo que no necesitamos y tomar de los dem\u00e1s lo que podamos necesitar (cada uno se llevar\u00e1 a casa los objetos que no hayan sido apadrinados :D)<\/li>\n\n\n\n<li>a partir de las <strong><span style=\"text-decoration: underline;\">14:00 h Comida compartida: <\/span><\/strong>Cada persona aportar\u00e1 algo para la comida que compartiremos entre todos. Se ruega <strong>traer comida vegana o vegetariana<\/strong>, as\u00ed como <strong>utensilios para la comida<\/strong> (vaso, tenedor, plato&#8230;).<\/li>\n\n\n\n<li>a partir de las<strong><span style=\"text-decoration: underline;\">16.30 h Paseo contemplativo:<\/span><\/strong>Saldremos al bosque a pasear y disfrutar de la naturaleza.<\/li>\n<\/ul>\n\n<p>Y recordad llevar tambi\u00e9n un <strong>coj\u00edn<\/strong> (<em>zaf\u00fa<\/em>&#8230;) y un <strong>sombrero <\/strong>o visera para estar lo m\u00e1s c\u00f3modos posible.<\/p>\n\n<p>\u00a1Te esperamos con alegr\u00eda!<\/p>\n\n<p>Abrazos.<\/p>\n","protected":false},"excerpt":{"rendered":"<p>Queridos hermanos y hermanas, Este \u00faltimo a\u00f1o hemos disfrutado de un periodo de fortaleza y estabilidad para la sangha. Sentimos una gran alegr\u00eda y gratitud por todos los momentos compartidos y por las personas que hab\u00e9is formado parte. Gracias por nutrir nuestra familia. Queremos celebrar la vida y, con ella, este camino que estamos creando [&hellip;]<\/p>\n","protected":false},"author":1,"featured_media":3612,"comment_status":"open","ping_status":"open","sticky":false,"template":"","format":"standard","meta":{"_monsterinsights_skip_tracking":false,"_monsterinsights_sitenote_active":false,"_monsterinsights_sitenote_note":"","_monsterinsights_sitenote_category":0,"_jetpack_memberships_contains_paid_content":false,"footnotes":""},"categories":[1209],"tags":[],"class_list":["post-3619","post","type-post","status-publish","format-standard","has-post-thumbnail","hentry","category-comunicados-es"],"aioseo_notices":[],"jetpack_featured_media_url":"https:\/\/terradepresencia.org\/wp-content\/uploads\/2023\/06\/III-Festival-da-Continuidade.jpg","jetpack_sharing_enabled":true,"_links":{"self":[{"href":"https:\/\/terradepresencia.org\/es\/wp-json\/wp\/v2\/posts\/3619","targetHints":{"allow":["GET"]}}],"collection":[{"href":"https:\/\/terradepresencia.org\/es\/wp-json\/wp\/v2\/posts"}],"about":[{"href":"https:\/\/terradepresencia.org\/es\/wp-json\/wp\/v2\/types\/post"}],"author":[{"embeddable":true,"href":"https:\/\/terradepresencia.org\/es\/wp-json\/wp\/v2\/users\/1"}],"replies":[{"embeddable":true,"href":"https:\/\/terradepresencia.org\/es\/wp-json\/wp\/v2\/comments?post=3619"}],"version-history":[{"count":5,"href":"https:\/\/terradepresencia.org\/es\/wp-json\/wp\/v2\/posts\/3619\/revisions"}],"predecessor-version":[{"id":3633,"href":"https:\/\/terradepresencia.org\/es\/wp-json\/wp\/v2\/posts\/3619\/revisions\/3633"}],"wp:featuredmedia":[{"embeddable":true,"href":"https:\/\/terradepresencia.org\/es\/wp-json\/wp\/v2\/media\/3612"}],"wp:attachment":[{"href":"https:\/\/terradepresencia.org\/es\/wp-json\/wp\/v2\/media?parent=3619"}],"wp:term":[{"taxonomy":"category","embeddable":true,"href":"https:\/\/terradepresencia.org\/es\/wp-json\/wp\/v2\/categories?post=3619"},{"taxonomy":"post_tag","embeddable":true,"href":"https:\/\/terradepresencia.org\/es\/wp-json\/wp\/v2\/tags?post=3619"}],"curies":[{"name":"wp","href":"https:\/\/api.w.org\/{rel}","templated":true}]}}